{"id":989,"date":"2025-08-16T14:04:58","date_gmt":"2025-08-16T14:04:58","guid":{"rendered":"https:\/\/psyykkari.fi\/?p=989"},"modified":"2025-09-04T04:44:05","modified_gmt":"2025-09-04T04:44:05","slug":"resilienssi-ja-kriisinhallinta-voimaa-selviytymiseen-ja-toipumiseen","status":"publish","type":"post","link":"https:\/\/psyykkari.fi\/index.php\/2025\/08\/16\/resilienssi-ja-kriisinhallinta-voimaa-selviytymiseen-ja-toipumiseen\/","title":{"rendered":"Resilienssi ja kriisinhallinta: Voimaa selviytymiseen ja toipumiseen"},"content":{"rendered":"\n<p>Kohtaamme el\u00e4m\u00e4ss\u00e4 v\u00e4ist\u00e4m\u00e4tt\u00e4 tilanteita, jotka horjuttavat tasapainoamme: Odottamattomia menetyksi\u00e4, muutoksia ty\u00f6ss\u00e4, haastavia ihmissuhteita tai kriisej\u00e4, jotka koskettavat koko yhteis\u00f6\u00e4. T\u00e4llaisissa hetkiss\u00e4 ratkaisevaa on se, miten pystymme k\u00e4sittelem\u00e4\u00e4n ep\u00e4varmuutta, s\u00e4ilytt\u00e4m\u00e4\u00e4n toimintakykymme ja l\u00f6yt\u00e4m\u00e4\u00e4n voimavaroja my\u00f6s vaikeuksien keskell\u00e4. T\u00e4t\u00e4 kyky\u00e4 kutsutaan resilienssiksi \u2013 ja sit\u00e4 voi vahvistaa.<\/p>\n\n\n\n<p>Ratkaisukeskeinen terapia tarjoaa turvallisen tilan harjoitella taitoja, joiden avulla voit kohdata haasteet luottavaisemmin ja l\u00f6yt\u00e4\u00e4 polun toipumiseen.<\/p>\n\n\n\n<h2 class=\"wp-block-heading\">Mit\u00e4 resilienssi tarkoittaa k\u00e4yt\u00e4nn\u00f6ss\u00e4?<\/h2>\n\n\n\n<p>Resilienssi ei ole synnynn\u00e4inen ominaisuus, vaan taito, jota voi kehitt\u00e4\u00e4. Se tarkoittaa kyky\u00e4 selviyty\u00e4 vastoink\u00e4ymisist\u00e4 ilman, ett\u00e4 ne m\u00e4\u00e4ritt\u00e4v\u00e4t koko el\u00e4m\u00e4\u00e4. Terapian avulla voit oppia:<\/p>\n\n\n\n<p>\u2022 tunnistamaan omat voimavarasi ja k\u00e4ytt\u00e4m\u00e4\u00e4n niit\u00e4 tehokkaammin<\/p>\n\n\n\n<p>\u2022 s\u00e4ilytt\u00e4m\u00e4\u00e4n toimintakyvyn vaikeissa tilanteissa, kuten kriisien tai suurten el\u00e4m\u00e4nmuutosten aikana<\/p>\n\n\n\n<p>\u2022 hy\u00f6dynt\u00e4m\u00e4\u00e4n tukiverkostojasi ja hakemaan apua silloin, kun sit\u00e4 tarvitset.<\/p>\n\n\n\n<h2 class=\"wp-block-heading\">Kriisinhallinta \u2013 valmistautuminen, selviytyminen ja toipuminen<\/h2>\n\n\n\n<p>Kriisit voivat tulla odottamatta, mutta niihin on mahdollista valmistautua. Ratkaisukeskeinen terapia tukee sinua kolmessa vaiheessa:<\/p>\n\n\n\n<h3 class=\"wp-block-heading\">1. Kriisin ennakointi<\/h3>\n\n\n\n<p>Kun osaat tunnistaa stressin ja kriisin varhaisia merkkej\u00e4, pystyt valmistautumaan paremmin. Terapian avulla voit harjoitella keinoja, joilla uhkia voidaan ennakoida ja ottaa hallintaan.<\/p>\n\n\n\n<h3 class=\"wp-block-heading\">2. Selviytyminen ja joustavuus kriisin aikana<\/h3>\n\n\n\n<p>Kriisitilanteessa on olennaista l\u00f6yt\u00e4\u00e4 toimivia ratkaisuja ja s\u00e4ilytt\u00e4\u00e4 tasapaino. Terapia antaa k\u00e4yt\u00e4nn\u00f6llisi\u00e4 ty\u00f6kaluja stressinhallintaan, kriisiviestint\u00e4\u00e4n ja tunteiden k\u00e4sittelyyn \u2013 niin arjen haasteissa kuin vakavammissakin tilanteissa.<\/p>\n\n\n\n<h3 class=\"wp-block-heading\">3. Kriisin j\u00e4lkeinen toipuminen<\/h3>\n\n\n\n<p>Kun myrsky on ohi, t\u00e4rke\u00e4\u00e4 on palauttaa el\u00e4m\u00e4nhallinta ja vahvistaa uutta tasapainoa. Terapia tukee sinua toipumisessa ja kannustaa muuttamaan kokemukset voimavaraksi.<\/p>\n\n\n\n<h2 class=\"wp-block-heading\">Rohkeutta muutokseen ja sopeutumiseen<\/h2>\n\n\n\n<p>Muutokset voivat tuntua uhkaavilta, mutta ne ovat usein mahdollisuuksia kasvuun. Ratkaisukeskeisess\u00e4 terapiassa keskityt\u00e4\u00e4n siihen, miten voit:<\/p>\n\n\n\n<p>\u2022 kehitt\u00e4\u00e4 rohkeutta kohdata muutoksia<\/p>\n\n\n\n<p>\u2022 ylitt\u00e4\u00e4 pelkoja, jotka est\u00e4v\u00e4t etenemist\u00e4si<\/p>\n\n\n\n<p>\u2022 s\u00e4ilytt\u00e4\u00e4 joustavan ja my\u00f6nteisen asenteen haastavissakin olosuhteissa.<\/p>\n\n\n\n<p>Muutosvastarinta on luonnollista, mutta sit\u00e4 voi oppia v\u00e4hent\u00e4m\u00e4\u00e4n. Pienin askelin on mahdollista l\u00f6yt\u00e4\u00e4 tasapaino pysyvyyden ja uuden omaksumisen v\u00e4lill\u00e4.<\/p>\n\n\n\n<h2 class=\"wp-block-heading\">Omat resurssit k\u00e4ytt\u00f6\u00f6n<\/h2>\n\n\n\n<p>Usein emme edes huomaa, kuinka paljon voimavaroja meill\u00e4 jo on. Kokemukset, taidot, ihmissuhteet ja arjen rutiinit voivat tarjota tukea vaikeuksien keskell\u00e4. Terapian avulla voidaan kirkastaa, miten:<\/p>\n\n\n\n<p>\u2022 omia vahvuuksia ja opittuja taitoja voidaan hy\u00f6dynt\u00e4\u00e4<\/p>\n\n\n\n<p>\u2022 l\u00e4heisilt\u00e4 saatu tuki voi olla voimavara<\/p>\n\n\n\n<p>\u2022 tarvittaessa asiantuntija-apu voi t\u00e4ydent\u00e4\u00e4 omia selviytymiskeinoja.<\/p>\n\n\n\n<h2 class=\"wp-block-heading\">Miksi ratkaisukeskeinen terapia?<\/h2>\n\n\n\n<p>Ratkaisukeskeinen terapia ei keskity ongelmiin, vaan siihen, miten niihin voidaan l\u00f6yt\u00e4\u00e4 k\u00e4yt\u00e4nn\u00f6n ratkaisuja. Terapia auttaa sinua rakentamaan askel askeleelta vahvempaa resilienssi\u00e4 ja luottamusta siihen, ett\u00e4 selvi\u00e4t eteen tulevista haasteista.<\/p>\n\n\n\n<p>Psykologi kulkee rinnallasi \u2013 kuunnellen, tukien ja auttaen l\u00f6yt\u00e4m\u00e4\u00e4n ne voimavarat, joiden avulla voit kohdata kriisit ja muutokset rohkeasti.<\/p>\n\n\n\n<p>\u2728 Ota ensimm\u00e4inen askel vahvempaan arkeen ja parempaan hyvinvointiin.<\/p>\n\n\n\n<p>Meilt\u00e4 l\u00f6yd\u00e4t turvallisen ja ratkaisukeskeisen tavan vahvistaa resilienssi\u00e4si \u2013 niin kriisien keskell\u00e4 kuin niiden j\u00e4lkeen.<\/p>\n\n\n\n<p>Jos tunnet, ett\u00e4 kaipaat tukea matkallesi, tarjoamme juuri t\u00e4h\u00e4n ty\u00f6kaluja ja ohjausta.&nbsp;<strong><a href=\"https:\/\/psyykkari.fi\/index.php\/psykologipalvelu\/psykologin-keskusteluhoito\/\">Tutustu palveluumme<\/a>&nbsp;ja&nbsp;<a href=\"https:\/\/psyykkari.fi\/index.php\/psykologipalvelu\/yhteydenottolomake\/\">ota ensimm\u00e4inen askel<\/a>&nbsp;kohti syvemp\u00e4\u00e4 itsetuntemusta ja hyvinvointia.<\/strong><\/p>\n","protected":false},"excerpt":{"rendered":"<p>Kohtaamme el\u00e4m\u00e4ss\u00e4 v\u00e4ist\u00e4m\u00e4tt\u00e4 tilanteita, jotka horjuttavat tasapainoamme: Odottamattomia menetyksi\u00e4, muutoksia ty\u00f6ss\u00e4, haastavia ihmissuhteita tai kriisej\u00e4, jotka koskettavat koko yhteis\u00f6\u00e4. T\u00e4llaisissa hetkiss\u00e4 ratkaisevaa on se, miten pystymme k\u00e4sittelem\u00e4\u00e4n ep\u00e4varmuutta, s\u00e4ilytt\u00e4m\u00e4\u00e4n toimintakykymme ja l\u00f6yt\u00e4m\u00e4\u00e4n voimavaroja my\u00f6s vaikeuksien keskell\u00e4. T\u00e4t\u00e4 kyky\u00e4 kutsutaan resilienssiksi \u2013 ja sit\u00e4 voi vahvistaa. Ratkaisukeskeinen terapia tarjoaa turvallisen tilan harjoitella taitoja, joiden avulla voit [&hellip;]<\/p>\n","protected":false},"author":1,"featured_media":1020,"comment_status":"open","ping_status":"open","sticky":false,"template":"","format":"standard","meta":{"om_disable_all_campaigns":false,"_monsterinsights_skip_tracking":false,"_monsterinsights_sitenote_active":false,"_monsterinsights_sitenote_note":"","_monsterinsights_sitenote_category":0,"footnotes":""},"categories":[8],"tags":[69,70,66,64,65,71,23,43,68,67],"class_list":["post-989","post","type-post","status-publish","format-standard","has-post-thumbnail","hentry","category-blogit","tag-kriisiviestinta","tag-muutos-ja-sopeutuminen","tag-psykologipalvelut","tag-resilienssi","tag-riisinhallinta","tag-selviytymiskeinot","tag-stressinhallinta","tag-tukiverkostot","tag-tulevaisuuden-tavoitteet","tag-voimavarat"],"yoast_head":"<!-- This site is optimized with the Yoast SEO plugin v27.5 - https:\/\/yoast.com\/product\/yoast-seo-wordpress\/ -->\n<title>Resilienssi ja kriisinhallinta: Voimaa selviytymiseen ja toipumiseen - Psykologipalvelu Kari Kilpel&auml;inen<\/title>\n<meta name=\"description\" content=\"Vahvista resilienssi\u00e4 ja opi kriisinhallinan keinot ratkaisukeskeisen terapian avulla. L\u00e4yd\u00e4 voimavarat toipumiseen. Tutustu palveluumme.\" \/>\n<meta name=\"robots\" content=\"index, follow, max-snippet:-1, max-image-preview:large, max-video-preview:-1\" \/>\n<link rel=\"canonical\" href=\"https:\/\/psyykkari.fi\/index.php\/2025\/08\/16\/resilienssi-ja-kriisinhallinta-voimaa-selviytymiseen-ja-toipumiseen\/\" \/>\n<meta property=\"og:locale\" content=\"fi_FI\" \/>\n<meta property=\"og:type\" content=\"article\" \/>\n<meta property=\"og:title\" content=\"Resilienssi ja kriisinhallinta: Voimaa selviytymiseen ja toipumiseen - Psykologipalvelu Kari Kilpel&auml;inen\" \/>\n<meta property=\"og:description\" content=\"Vahvista resilienssi\u00e4 ja opi kriisinhallinan keinot ratkaisukeskeisen terapian avulla. L\u00e4yd\u00e4 voimavarat toipumiseen. Tutustu palveluumme.\" \/>\n<meta property=\"og:url\" content=\"https:\/\/psyykkari.fi\/index.php\/2025\/08\/16\/resilienssi-ja-kriisinhallinta-voimaa-selviytymiseen-ja-toipumiseen\/\" \/>\n<meta property=\"og:site_name\" content=\"Psykologipalvelu Kari Kilpel&auml;inen\" \/>\n<meta property=\"article:publisher\" content=\"https:\/\/www.facebook.com\/profile.php?id=61569898660827\" \/>\n<meta property=\"article:published_time\" content=\"2025-08-16T14:04:58+00:00\" \/>\n<meta property=\"article:modified_time\" content=\"2025-09-04T04:44:05+00:00\" \/>\n<meta property=\"og:image\" content=\"https:\/\/psyykkari.fi\/wp-content\/uploads\/2025\/08\/FB40D4BE-C708-425C-8F84-B9F9DD357074.avif\" \/>\n\t<meta property=\"og:image:width\" content=\"1024\" \/>\n\t<meta property=\"og:image:height\" content=\"1024\" \/>\n\t<meta property=\"og:image:type\" content=\"image\/png\" \/>\n<meta name=\"author\" content=\"Kari Kilpel\u00e4inen\" \/>\n<meta name=\"twitter:card\" content=\"summary_large_image\" \/>\n<meta name=\"twitter:label1\" content=\"Kirjoittanut\" \/>\n\t<meta name=\"twitter:data1\" content=\"Kari Kilpel\u00e4inen\" \/>\n\t<meta name=\"twitter:label2\" content=\"Arvioitu lukuaika\" \/>\n\t<meta name=\"twitter:data2\" content=\"3 minuuttia\" \/>\n<script type=\"application\/ld+json\" class=\"yoast-schema-graph\">{\"@context\":\"https:\\\/\\\/schema.org\",\"@graph\":[{\"@type\":\"Article\",\"@id\":\"https:\\\/\\\/psyykkari.fi\\\/index.php\\\/2025\\\/08\\\/16\\\/resilienssi-ja-kriisinhallinta-voimaa-selviytymiseen-ja-toipumiseen\\\/#article\",\"isPartOf\":{\"@id\":\"https:\\\/\\\/psyykkari.fi\\\/index.php\\\/2025\\\/08\\\/16\\\/resilienssi-ja-kriisinhallinta-voimaa-selviytymiseen-ja-toipumiseen\\\/\"},\"author\":{\"name\":\"Kari Kilpel\u00e4inen\",\"@id\":\"https:\\\/\\\/psyykkari.fi\\\/#\\\/schema\\\/person\\\/167b4138decec2ec93f184839d7777c9\"},\"headline\":\"Resilienssi ja kriisinhallinta: Voimaa selviytymiseen ja toipumiseen\",\"datePublished\":\"2025-08-16T14:04:58+00:00\",\"dateModified\":\"2025-09-04T04:44:05+00:00\",\"mainEntityOfPage\":{\"@id\":\"https:\\\/\\\/psyykkari.fi\\\/index.php\\\/2025\\\/08\\\/16\\\/resilienssi-ja-kriisinhallinta-voimaa-selviytymiseen-ja-toipumiseen\\\/\"},\"wordCount\":507,\"commentCount\":0,\"publisher\":{\"@id\":\"https:\\\/\\\/psyykkari.fi\\\/#organization\"},\"image\":{\"@id\":\"https:\\\/\\\/psyykkari.fi\\\/index.php\\\/2025\\\/08\\\/16\\\/resilienssi-ja-kriisinhallinta-voimaa-selviytymiseen-ja-toipumiseen\\\/#primaryimage\"},\"thumbnailUrl\":\"https:\\\/\\\/psyykkari.fi\\\/wp-content\\\/uploads\\\/2025\\\/08\\\/FB40D4BE-C708-425C-8F84-B9F9DD357074.avif\",\"keywords\":[\"kriisiviestint\u00e4\",\"muutos ja sopeutuminen\",\"psykologipalvelut\",\"resilienssi\",\"riisinhallinta\",\"selviytymiskeinot\",\"stressinhallinta\",\"tukiverkostot\",\"tulevaisuuden tavoitteet\",\"voimavarat\"],\"articleSection\":[\"Blogit\"],\"inLanguage\":\"fi\",\"potentialAction\":[{\"@type\":\"CommentAction\",\"name\":\"Comment\",\"target\":[\"https:\\\/\\\/psyykkari.fi\\\/index.php\\\/2025\\\/08\\\/16\\\/resilienssi-ja-kriisinhallinta-voimaa-selviytymiseen-ja-toipumiseen\\\/#respond\"]}]},{\"@type\":\"WebPage\",\"@id\":\"https:\\\/\\\/psyykkari.fi\\\/index.php\\\/2025\\\/08\\\/16\\\/resilienssi-ja-kriisinhallinta-voimaa-selviytymiseen-ja-toipumiseen\\\/\",\"url\":\"https:\\\/\\\/psyykkari.fi\\\/index.php\\\/2025\\\/08\\\/16\\\/resilienssi-ja-kriisinhallinta-voimaa-selviytymiseen-ja-toipumiseen\\\/\",\"name\":\"Resilienssi ja kriisinhallinta: Voimaa selviytymiseen ja toipumiseen - Psykologipalvelu Kari Kilpel&auml;inen\",\"isPartOf\":{\"@id\":\"https:\\\/\\\/psyykkari.fi\\\/#website\"},\"primaryImageOfPage\":{\"@id\":\"https:\\\/\\\/psyykkari.fi\\\/index.php\\\/2025\\\/08\\\/16\\\/resilienssi-ja-kriisinhallinta-voimaa-selviytymiseen-ja-toipumiseen\\\/#primaryimage\"},\"image\":{\"@id\":\"https:\\\/\\\/psyykkari.fi\\\/index.php\\\/2025\\\/08\\\/16\\\/resilienssi-ja-kriisinhallinta-voimaa-selviytymiseen-ja-toipumiseen\\\/#primaryimage\"},\"thumbnailUrl\":\"https:\\\/\\\/psyykkari.fi\\\/wp-content\\\/uploads\\\/2025\\\/08\\\/FB40D4BE-C708-425C-8F84-B9F9DD357074.avif\",\"datePublished\":\"2025-08-16T14:04:58+00:00\",\"dateModified\":\"2025-09-04T04:44:05+00:00\",\"description\":\"Vahvista resilienssi\u00e4 ja opi kriisinhallinan keinot ratkaisukeskeisen terapian avulla. L\u00e4yd\u00e4 voimavarat toipumiseen. Tutustu palveluumme.\",\"breadcrumb\":{\"@id\":\"https:\\\/\\\/psyykkari.fi\\\/index.php\\\/2025\\\/08\\\/16\\\/resilienssi-ja-kriisinhallinta-voimaa-selviytymiseen-ja-toipumiseen\\\/#breadcrumb\"},\"inLanguage\":\"fi\",\"potentialAction\":[{\"@type\":\"ReadAction\",\"target\":[\"https:\\\/\\\/psyykkari.fi\\\/index.php\\\/2025\\\/08\\\/16\\\/resilienssi-ja-kriisinhallinta-voimaa-selviytymiseen-ja-toipumiseen\\\/\"]}]},{\"@type\":\"ImageObject\",\"inLanguage\":\"fi\",\"@id\":\"https:\\\/\\\/psyykkari.fi\\\/index.php\\\/2025\\\/08\\\/16\\\/resilienssi-ja-kriisinhallinta-voimaa-selviytymiseen-ja-toipumiseen\\\/#primaryimage\",\"url\":\"https:\\\/\\\/psyykkari.fi\\\/wp-content\\\/uploads\\\/2025\\\/08\\\/FB40D4BE-C708-425C-8F84-B9F9DD357074.avif\",\"contentUrl\":\"https:\\\/\\\/psyykkari.fi\\\/wp-content\\\/uploads\\\/2025\\\/08\\\/FB40D4BE-C708-425C-8F84-B9F9DD357074.avif\",\"width\":1024,\"height\":1024,\"caption\":\"Resilienssi\u00e4 voi kehitt\u00e4\u00e4\"},{\"@type\":\"BreadcrumbList\",\"@id\":\"https:\\\/\\\/psyykkari.fi\\\/index.php\\\/2025\\\/08\\\/16\\\/resilienssi-ja-kriisinhallinta-voimaa-selviytymiseen-ja-toipumiseen\\\/#breadcrumb\",\"itemListElement\":[{\"@type\":\"ListItem\",\"position\":1,\"name\":\"Etusivu\",\"item\":\"https:\\\/\\\/psyykkari.fi\\\/\"},{\"@type\":\"ListItem\",\"position\":2,\"name\":\"Resilienssi ja kriisinhallinta: Voimaa selviytymiseen ja toipumiseen\"}]},{\"@type\":\"WebSite\",\"@id\":\"https:\\\/\\\/psyykkari.fi\\\/#website\",\"url\":\"https:\\\/\\\/psyykkari.fi\\\/\",\"name\":\"Psykologipalvelu Kari Kilpel\u00e4inen\",\"description\":\"Ratkaisukeskeist&auml; keskustelutukea\",\"publisher\":{\"@id\":\"https:\\\/\\\/psyykkari.fi\\\/#organization\"},\"potentialAction\":[{\"@type\":\"SearchAction\",\"target\":{\"@type\":\"EntryPoint\",\"urlTemplate\":\"https:\\\/\\\/psyykkari.fi\\\/?s={search_term_string}\"},\"query-input\":{\"@type\":\"PropertyValueSpecification\",\"valueRequired\":true,\"valueName\":\"search_term_string\"}}],\"inLanguage\":\"fi\"},{\"@type\":\"Organization\",\"@id\":\"https:\\\/\\\/psyykkari.fi\\\/#organization\",\"name\":\"Psykologipalvelu Kari Kilpel\u00e4inen\",\"url\":\"https:\\\/\\\/psyykkari.fi\\\/\",\"logo\":{\"@type\":\"ImageObject\",\"inLanguage\":\"fi\",\"@id\":\"https:\\\/\\\/psyykkari.fi\\\/#\\\/schema\\\/logo\\\/image\\\/\",\"url\":\"https:\\\/\\\/psyykkari.fi\\\/wp-content\\\/uploads\\\/2025\\\/12\\\/logo500.avif\",\"contentUrl\":\"https:\\\/\\\/psyykkari.fi\\\/wp-content\\\/uploads\\\/2025\\\/12\\\/logo500.avif\",\"width\":500,\"height\":500,\"caption\":\"Psykologipalvelu Kari Kilpel\u00e4inen\"},\"image\":{\"@id\":\"https:\\\/\\\/psyykkari.fi\\\/#\\\/schema\\\/logo\\\/image\\\/\"},\"sameAs\":[\"https:\\\/\\\/www.facebook.com\\\/profile.php?id=61569898660827\"]},{\"@type\":\"Person\",\"@id\":\"https:\\\/\\\/psyykkari.fi\\\/#\\\/schema\\\/person\\\/167b4138decec2ec93f184839d7777c9\",\"name\":\"Kari Kilpel\u00e4inen\",\"image\":{\"@type\":\"ImageObject\",\"inLanguage\":\"fi\",\"@id\":\"https:\\\/\\\/secure.gravatar.com\\\/avatar\\\/b5d5ae467496399e1f9b84cefc80aeade5be109781ea38f17e2ecec97e33e54d?s=96&d=mm&r=g\",\"url\":\"https:\\\/\\\/secure.gravatar.com\\\/avatar\\\/b5d5ae467496399e1f9b84cefc80aeade5be109781ea38f17e2ecec97e33e54d?s=96&d=mm&r=g\",\"contentUrl\":\"https:\\\/\\\/secure.gravatar.com\\\/avatar\\\/b5d5ae467496399e1f9b84cefc80aeade5be109781ea38f17e2ecec97e33e54d?s=96&d=mm&r=g\",\"caption\":\"Kari Kilpel\u00e4inen\"},\"description\":\"Aloitin ty\u00f6urani uittomiehen\u00e4 Lieksanjoella, sitten rajamiehen\u00e4, teollisuusvartijana, varastomiehen\u00e4, taksikuskina, alkon myyj\u00e4n\u00e4, psykologina, esimiehen\u00e4 ja palvelup\u00e4\u00e4llikk\u00f6n\u00e4. Nyt el\u00e4kkeell\u00e4 uusi vaihe tutuilla ev\u00e4ill\u00e4 \u2013 ratkaisukeskeist\u00e4 keskustelutukea et\u00e4yhteydell\u00e4 koko Suomeen ja my\u00f6s kasvokkain Tampereen psykologipalveluissa.\",\"sameAs\":[\"https:\\\/\\\/psyykkari.fi\\\/\"],\"url\":\"https:\\\/\\\/psyykkari.fi\\\/index.php\\\/author\\\/admin\\\/\"}]}<\/script>\n<!-- \/ Yoast SEO plugin. -->","yoast_head_json":{"title":"Resilienssi ja kriisinhallinta: Voimaa selviytymiseen ja toipumiseen - Psykologipalvelu Kari Kilpel&auml;inen","description":"Vahvista resilienssi\u00e4 ja opi kriisinhallinan keinot ratkaisukeskeisen terapian avulla. L\u00e4yd\u00e4 voimavarat toipumiseen. Tutustu palveluumme.","robots":{"index":"index","follow":"follow","max-snippet":"max-snippet:-1","max-image-preview":"max-image-preview:large","max-video-preview":"max-video-preview:-1"},"canonical":"https:\/\/psyykkari.fi\/index.php\/2025\/08\/16\/resilienssi-ja-kriisinhallinta-voimaa-selviytymiseen-ja-toipumiseen\/","og_locale":"fi_FI","og_type":"article","og_title":"Resilienssi ja kriisinhallinta: Voimaa selviytymiseen ja toipumiseen - Psykologipalvelu Kari Kilpel&auml;inen","og_description":"Vahvista resilienssi\u00e4 ja opi kriisinhallinan keinot ratkaisukeskeisen terapian avulla. L\u00e4yd\u00e4 voimavarat toipumiseen. Tutustu palveluumme.","og_url":"https:\/\/psyykkari.fi\/index.php\/2025\/08\/16\/resilienssi-ja-kriisinhallinta-voimaa-selviytymiseen-ja-toipumiseen\/","og_site_name":"Psykologipalvelu Kari Kilpel&auml;inen","article_publisher":"https:\/\/www.facebook.com\/profile.php?id=61569898660827","article_published_time":"2025-08-16T14:04:58+00:00","article_modified_time":"2025-09-04T04:44:05+00:00","og_image":[{"width":1024,"height":1024,"url":"https:\/\/psyykkari.fi\/wp-content\/uploads\/2025\/08\/FB40D4BE-C708-425C-8F84-B9F9DD357074.avif","type":"image\/png"}],"author":"Kari Kilpel\u00e4inen","twitter_card":"summary_large_image","twitter_misc":{"Kirjoittanut":"Kari Kilpel\u00e4inen","Arvioitu lukuaika":"3 minuuttia"},"schema":{"@context":"https:\/\/schema.org","@graph":[{"@type":"Article","@id":"https:\/\/psyykkari.fi\/index.php\/2025\/08\/16\/resilienssi-ja-kriisinhallinta-voimaa-selviytymiseen-ja-toipumiseen\/#article","isPartOf":{"@id":"https:\/\/psyykkari.fi\/index.php\/2025\/08\/16\/resilienssi-ja-kriisinhallinta-voimaa-selviytymiseen-ja-toipumiseen\/"},"author":{"name":"Kari Kilpel\u00e4inen","@id":"https:\/\/psyykkari.fi\/#\/schema\/person\/167b4138decec2ec93f184839d7777c9"},"headline":"Resilienssi ja kriisinhallinta: Voimaa selviytymiseen ja toipumiseen","datePublished":"2025-08-16T14:04:58+00:00","dateModified":"2025-09-04T04:44:05+00:00","mainEntityOfPage":{"@id":"https:\/\/psyykkari.fi\/index.php\/2025\/08\/16\/resilienssi-ja-kriisinhallinta-voimaa-selviytymiseen-ja-toipumiseen\/"},"wordCount":507,"commentCount":0,"publisher":{"@id":"https:\/\/psyykkari.fi\/#organization"},"image":{"@id":"https:\/\/psyykkari.fi\/index.php\/2025\/08\/16\/resilienssi-ja-kriisinhallinta-voimaa-selviytymiseen-ja-toipumiseen\/#primaryimage"},"thumbnailUrl":"https:\/\/psyykkari.fi\/wp-content\/uploads\/2025\/08\/FB40D4BE-C708-425C-8F84-B9F9DD357074.avif","keywords":["kriisiviestint\u00e4","muutos ja sopeutuminen","psykologipalvelut","resilienssi","riisinhallinta","selviytymiskeinot","stressinhallinta","tukiverkostot","tulevaisuuden tavoitteet","voimavarat"],"articleSection":["Blogit"],"inLanguage":"fi","potentialAction":[{"@type":"CommentAction","name":"Comment","target":["https:\/\/psyykkari.fi\/index.php\/2025\/08\/16\/resilienssi-ja-kriisinhallinta-voimaa-selviytymiseen-ja-toipumiseen\/#respond"]}]},{"@type":"WebPage","@id":"https:\/\/psyykkari.fi\/index.php\/2025\/08\/16\/resilienssi-ja-kriisinhallinta-voimaa-selviytymiseen-ja-toipumiseen\/","url":"https:\/\/psyykkari.fi\/index.php\/2025\/08\/16\/resilienssi-ja-kriisinhallinta-voimaa-selviytymiseen-ja-toipumiseen\/","name":"Resilienssi ja kriisinhallinta: Voimaa selviytymiseen ja toipumiseen - Psykologipalvelu Kari Kilpel&auml;inen","isPartOf":{"@id":"https:\/\/psyykkari.fi\/#website"},"primaryImageOfPage":{"@id":"https:\/\/psyykkari.fi\/index.php\/2025\/08\/16\/resilienssi-ja-kriisinhallinta-voimaa-selviytymiseen-ja-toipumiseen\/#primaryimage"},"image":{"@id":"https:\/\/psyykkari.fi\/index.php\/2025\/08\/16\/resilienssi-ja-kriisinhallinta-voimaa-selviytymiseen-ja-toipumiseen\/#primaryimage"},"thumbnailUrl":"https:\/\/psyykkari.fi\/wp-content\/uploads\/2025\/08\/FB40D4BE-C708-425C-8F84-B9F9DD357074.avif","datePublished":"2025-08-16T14:04:58+00:00","dateModified":"2025-09-04T04:44:05+00:00","description":"Vahvista resilienssi\u00e4 ja opi kriisinhallinan keinot ratkaisukeskeisen terapian avulla. L\u00e4yd\u00e4 voimavarat toipumiseen. Tutustu palveluumme.","breadcrumb":{"@id":"https:\/\/psyykkari.fi\/index.php\/2025\/08\/16\/resilienssi-ja-kriisinhallinta-voimaa-selviytymiseen-ja-toipumiseen\/#breadcrumb"},"inLanguage":"fi","potentialAction":[{"@type":"ReadAction","target":["https:\/\/psyykkari.fi\/index.php\/2025\/08\/16\/resilienssi-ja-kriisinhallinta-voimaa-selviytymiseen-ja-toipumiseen\/"]}]},{"@type":"ImageObject","inLanguage":"fi","@id":"https:\/\/psyykkari.fi\/index.php\/2025\/08\/16\/resilienssi-ja-kriisinhallinta-voimaa-selviytymiseen-ja-toipumiseen\/#primaryimage","url":"https:\/\/psyykkari.fi\/wp-content\/uploads\/2025\/08\/FB40D4BE-C708-425C-8F84-B9F9DD357074.avif","contentUrl":"https:\/\/psyykkari.fi\/wp-content\/uploads\/2025\/08\/FB40D4BE-C708-425C-8F84-B9F9DD357074.avif","width":1024,"height":1024,"caption":"Resilienssi\u00e4 voi kehitt\u00e4\u00e4"},{"@type":"BreadcrumbList","@id":"https:\/\/psyykkari.fi\/index.php\/2025\/08\/16\/resilienssi-ja-kriisinhallinta-voimaa-selviytymiseen-ja-toipumiseen\/#breadcrumb","itemListElement":[{"@type":"ListItem","position":1,"name":"Etusivu","item":"https:\/\/psyykkari.fi\/"},{"@type":"ListItem","position":2,"name":"Resilienssi ja kriisinhallinta: Voimaa selviytymiseen ja toipumiseen"}]},{"@type":"WebSite","@id":"https:\/\/psyykkari.fi\/#website","url":"https:\/\/psyykkari.fi\/","name":"Psykologipalvelu Kari Kilpel\u00e4inen","description":"Ratkaisukeskeist&auml; keskustelutukea","publisher":{"@id":"https:\/\/psyykkari.fi\/#organization"},"potentialAction":[{"@type":"SearchAction","target":{"@type":"EntryPoint","urlTemplate":"https:\/\/psyykkari.fi\/?s={search_term_string}"},"query-input":{"@type":"PropertyValueSpecification","valueRequired":true,"valueName":"search_term_string"}}],"inLanguage":"fi"},{"@type":"Organization","@id":"https:\/\/psyykkari.fi\/#organization","name":"Psykologipalvelu Kari Kilpel\u00e4inen","url":"https:\/\/psyykkari.fi\/","logo":{"@type":"ImageObject","inLanguage":"fi","@id":"https:\/\/psyykkari.fi\/#\/schema\/logo\/image\/","url":"https:\/\/psyykkari.fi\/wp-content\/uploads\/2025\/12\/logo500.avif","contentUrl":"https:\/\/psyykkari.fi\/wp-content\/uploads\/2025\/12\/logo500.avif","width":500,"height":500,"caption":"Psykologipalvelu Kari Kilpel\u00e4inen"},"image":{"@id":"https:\/\/psyykkari.fi\/#\/schema\/logo\/image\/"},"sameAs":["https:\/\/www.facebook.com\/profile.php?id=61569898660827"]},{"@type":"Person","@id":"https:\/\/psyykkari.fi\/#\/schema\/person\/167b4138decec2ec93f184839d7777c9","name":"Kari Kilpel\u00e4inen","image":{"@type":"ImageObject","inLanguage":"fi","@id":"https:\/\/secure.gravatar.com\/avatar\/b5d5ae467496399e1f9b84cefc80aeade5be109781ea38f17e2ecec97e33e54d?s=96&d=mm&r=g","url":"https:\/\/secure.gravatar.com\/avatar\/b5d5ae467496399e1f9b84cefc80aeade5be109781ea38f17e2ecec97e33e54d?s=96&d=mm&r=g","contentUrl":"https:\/\/secure.gravatar.com\/avatar\/b5d5ae467496399e1f9b84cefc80aeade5be109781ea38f17e2ecec97e33e54d?s=96&d=mm&r=g","caption":"Kari Kilpel\u00e4inen"},"description":"Aloitin ty\u00f6urani uittomiehen\u00e4 Lieksanjoella, sitten rajamiehen\u00e4, teollisuusvartijana, varastomiehen\u00e4, taksikuskina, alkon myyj\u00e4n\u00e4, psykologina, esimiehen\u00e4 ja palvelup\u00e4\u00e4llikk\u00f6n\u00e4. Nyt el\u00e4kkeell\u00e4 uusi vaihe tutuilla ev\u00e4ill\u00e4 \u2013 ratkaisukeskeist\u00e4 keskustelutukea et\u00e4yhteydell\u00e4 koko Suomeen ja my\u00f6s kasvokkain Tampereen psykologipalveluissa.","sameAs":["https:\/\/psyykkari.fi\/"],"url":"https:\/\/psyykkari.fi\/index.php\/author\/admin\/"}]}},"_links":{"self":[{"href":"https:\/\/psyykkari.fi\/index.php\/wp-json\/wp\/v2\/posts\/989","targetHints":{"allow":["GET"]}}],"collection":[{"href":"https:\/\/psyykkari.fi\/index.php\/wp-json\/wp\/v2\/posts"}],"about":[{"href":"https:\/\/psyykkari.fi\/index.php\/wp-json\/wp\/v2\/types\/post"}],"author":[{"embeddable":true,"href":"https:\/\/psyykkari.fi\/index.php\/wp-json\/wp\/v2\/users\/1"}],"replies":[{"embeddable":true,"href":"https:\/\/psyykkari.fi\/index.php\/wp-json\/wp\/v2\/comments?post=989"}],"version-history":[{"count":5,"href":"https:\/\/psyykkari.fi\/index.php\/wp-json\/wp\/v2\/posts\/989\/revisions"}],"predecessor-version":[{"id":1019,"href":"https:\/\/psyykkari.fi\/index.php\/wp-json\/wp\/v2\/posts\/989\/revisions\/1019"}],"wp:featuredmedia":[{"embeddable":true,"href":"https:\/\/psyykkari.fi\/index.php\/wp-json\/wp\/v2\/media\/1020"}],"wp:attachment":[{"href":"https:\/\/psyykkari.fi\/index.php\/wp-json\/wp\/v2\/media?parent=989"}],"wp:term":[{"taxonomy":"category","embeddable":true,"href":"https:\/\/psyykkari.fi\/index.php\/wp-json\/wp\/v2\/categories?post=989"},{"taxonomy":"post_tag","embeddable":true,"href":"https:\/\/psyykkari.fi\/index.php\/wp-json\/wp\/v2\/tags?post=989"}],"curies":[{"name":"wp","href":"https:\/\/api.w.org\/{rel}","templated":true}]}}